{"id":3349,"date":"2017-12-20T13:08:25","date_gmt":"2017-12-20T15:08:25","guid":{"rendered":"http:\/\/www.prefeituradavitoria.pe.gov.br\/portal\/index.php\/2017\/12\/20\/prefeitura-realiza-no-centro-da-vitoria-campanha-de-incentivo-ao-comercio-no-natal\/"},"modified":"2017-12-20T13:08:25","modified_gmt":"2017-12-20T15:08:25","slug":"prefeitura-realiza-no-centro-da-vitoria-campanha-de-incentivo-ao-comercio-no-natal","status":"publish","type":"post","link":"http:\/\/www.prefeituradavitoria.pe.gov.br\/portal\/index.php\/2017\/12\/20\/prefeitura-realiza-no-centro-da-vitoria-campanha-de-incentivo-ao-comercio-no-natal\/","title":{"rendered":"Prefeitura realiza no Centro da Vit\u00f3ria campanha de incentivo ao com\u00e9rcio no Natal"},"content":{"rendered":"<p>A Prefeitura da Vit\u00f3ria de Santo Ant\u00e3o, por meio da Secretaria Municipal de Desenvolvimento Econ\u00f4mico, em parceria com a C\u00e2mara de Dirigentes Lojistas (CDL), Associa\u00e7\u00e3o Comercial da Vit\u00f3ria (ACIAV), e o Vit\u00f3ria Park Shopping, realizaram no com\u00e9rcio do munic\u00edpio o lan\u00e7amento da campanha \u201cNatal Compre no Com\u00e9rcio Local&#8221; com o slogan: Em Vit\u00f3ria \u00e9 sem igual.<\/p>\n<p>O Secret\u00e1rio Municipal de Desenvolvimento Econ\u00f4mico, Carlos Henrique Queiroz, e equipe promoveram a distribui\u00e7\u00e3o de panfletos, cartazes, adesivos e banners em todo o centro comercial. A campanha conta tamb\u00e9m com propagandas vinculadas nas principais r\u00e1dios locais, emissora de TV, e em carros de som volante, com o objetivo de divulgar ainda mais o nosso comercio e tentar junto com os comerciantes amenizar a crise econ\u00f4mica, incentivando a popula\u00e7\u00e3o a comprar no com\u00e9rcio local na data comemorativa mais forte do ano.<\/p>\n<div id='gallery-1' class='gallery galleryid-3349 gallery-columns-4 gallery-size-thumbnail'><figure class='gallery-item'>\n\t\t\t<div class='gallery-icon landscape'>\n\t\t\t\t<a href='http:\/\/www.prefeituradavitoria.pe.gov.br\/portal\/wp-content\/uploads\/2017\/12\/WhatsApp-Image-2017-12-18-at-19.40.42-1.jpeg'><img decoding=\"async\" width=\"150\" height=\"150\" src=\"http:\/\/www.prefeituradavitoria.pe.gov.br\/portal\/wp-content\/uploads\/2017\/12\/WhatsApp-Image-2017-12-18-at-19.40.42-1-150x150.jpeg\" class=\"attachment-thumbnail size-thumbnail\" alt=\"\" \/><\/a>\n\t\t\t<\/div><\/figure><figure class='gallery-item'>\n\t\t\t<div class='gallery-icon portrait'>\n\t\t\t\t<a href='http:\/\/www.prefeituradavitoria.pe.gov.br\/portal\/wp-content\/uploads\/2017\/12\/WhatsApp-Image-2017-12-18-at-19.40.43-1.jpeg'><img decoding=\"async\" width=\"150\" height=\"150\" src=\"http:\/\/www.prefeituradavitoria.pe.gov.br\/portal\/wp-content\/uploads\/2017\/12\/WhatsApp-Image-2017-12-18-at-19.40.43-1-150x150.jpeg\" class=\"attachment-thumbnail size-thumbnail\" alt=\"\" \/><\/a>\n\t\t\t<\/div><\/figure><figure class='gallery-item'>\n\t\t\t<div class='gallery-icon landscape'>\n\t\t\t\t<a href='http:\/\/www.prefeituradavitoria.pe.gov.br\/portal\/wp-content\/uploads\/2017\/12\/WhatsApp-Image-2017-12-18-at-19.40.43-2.jpeg'><img decoding=\"async\" width=\"150\" height=\"150\" src=\"http:\/\/www.prefeituradavitoria.pe.gov.br\/portal\/wp-content\/uploads\/2017\/12\/WhatsApp-Image-2017-12-18-at-19.40.43-2-150x150.jpeg\" class=\"attachment-thumbnail size-thumbnail\" alt=\"\" \/><\/a>\n\t\t\t<\/div><\/figure><figure class='gallery-item'>\n\t\t\t<div class='gallery-icon landscape'>\n\t\t\t\t<a href='http:\/\/www.prefeituradavitoria.pe.gov.br\/portal\/wp-content\/uploads\/2017\/12\/WhatsApp-Image-2017-12-18-at-19.40.43-3.jpeg'><img loading=\"lazy\" decoding=\"async\" width=\"150\" height=\"150\" src=\"http:\/\/www.prefeituradavitoria.pe.gov.br\/portal\/wp-content\/uploads\/2017\/12\/WhatsApp-Image-2017-12-18-at-19.40.43-3-150x150.jpeg\" class=\"attachment-thumbnail size-thumbnail\" alt=\"\" \/><\/a>\n\t\t\t<\/div><\/figure><figure class='gallery-item'>\n\t\t\t<div class='gallery-icon portrait'>\n\t\t\t\t<a href='http:\/\/www.prefeituradavitoria.pe.gov.br\/portal\/wp-content\/uploads\/2017\/12\/WhatsApp-Image-2017-12-18-at-19.40.43.jpeg'><img loading=\"lazy\" decoding=\"async\" width=\"150\" height=\"150\" src=\"http:\/\/www.prefeituradavitoria.pe.gov.br\/portal\/wp-content\/uploads\/2017\/12\/WhatsApp-Image-2017-12-18-at-19.40.43-150x150.jpeg\" class=\"attachment-thumbnail size-thumbnail\" alt=\"\" \/><\/a>\n\t\t\t<\/div><\/figure><figure class='gallery-item'>\n\t\t\t<div class='gallery-icon landscape'>\n\t\t\t\t<a href='http:\/\/www.prefeituradavitoria.pe.gov.br\/portal\/wp-content\/uploads\/2017\/12\/WhatsApp-Image-2017-12-18-at-19.40.44-1.jpeg'><img loading=\"lazy\" decoding=\"async\" width=\"150\" height=\"150\" src=\"http:\/\/www.prefeituradavitoria.pe.gov.br\/portal\/wp-content\/uploads\/2017\/12\/WhatsApp-Image-2017-12-18-at-19.40.44-1-150x150.jpeg\" class=\"attachment-thumbnail size-thumbnail\" alt=\"\" \/><\/a>\n\t\t\t<\/div><\/figure><figure class='gallery-item'>\n\t\t\t<div class='gallery-icon landscape'>\n\t\t\t\t<a href='http:\/\/www.prefeituradavitoria.pe.gov.br\/portal\/wp-content\/uploads\/2017\/12\/WhatsApp-Image-2017-12-18-at-19.40.44-2.jpeg'><img loading=\"lazy\" decoding=\"async\" width=\"150\" height=\"150\" src=\"http:\/\/www.prefeituradavitoria.pe.gov.br\/portal\/wp-content\/uploads\/2017\/12\/WhatsApp-Image-2017-12-18-at-19.40.44-2-150x150.jpeg\" class=\"attachment-thumbnail size-thumbnail\" alt=\"\" \/><\/a>\n\t\t\t<\/div><\/figure><figure class='gallery-item'>\n\t\t\t<div class='gallery-icon landscape'>\n\t\t\t\t<a href='http:\/\/www.prefeituradavitoria.pe.gov.br\/portal\/wp-content\/uploads\/2017\/12\/WhatsApp-Image-2017-12-18-at-19.40.44-3.jpeg'><img loading=\"lazy\" decoding=\"async\" width=\"150\" height=\"150\" src=\"http:\/\/www.prefeituradavitoria.pe.gov.br\/portal\/wp-content\/uploads\/2017\/12\/WhatsApp-Image-2017-12-18-at-19.40.44-3-150x150.jpeg\" class=\"attachment-thumbnail size-thumbnail\" alt=\"\" \/><\/a>\n\t\t\t<\/div><\/figure><figure class='gallery-item'>\n\t\t\t<div class='gallery-icon landscape'>\n\t\t\t\t<a href='http:\/\/www.prefeituradavitoria.pe.gov.br\/portal\/wp-content\/uploads\/2017\/12\/WhatsApp-Image-2017-12-18-at-19.40.44-4.jpeg'><img loading=\"lazy\" decoding=\"async\" width=\"150\" height=\"150\" src=\"http:\/\/www.prefeituradavitoria.pe.gov.br\/portal\/wp-content\/uploads\/2017\/12\/WhatsApp-Image-2017-12-18-at-19.40.44-4-150x150.jpeg\" class=\"attachment-thumbnail size-thumbnail\" alt=\"\" \/><\/a>\n\t\t\t<\/div><\/figure><figure class='gallery-item'>\n\t\t\t<div class='gallery-icon portrait'>\n\t\t\t\t<a href='http:\/\/www.prefeituradavitoria.pe.gov.br\/portal\/wp-content\/uploads\/2017\/12\/WhatsApp-Image-2017-12-18-at-19.40.44.jpeg'><img loading=\"lazy\" decoding=\"async\" width=\"150\" height=\"150\" src=\"http:\/\/www.prefeituradavitoria.pe.gov.br\/portal\/wp-content\/uploads\/2017\/12\/WhatsApp-Image-2017-12-18-at-19.40.44-150x150.jpeg\" class=\"attachment-thumbnail size-thumbnail\" alt=\"\" \/><\/a>\n\t\t\t<\/div><\/figure><figure class='gallery-item'>\n\t\t\t<div class='gallery-icon landscape'>\n\t\t\t\t<a href='http:\/\/www.prefeituradavitoria.pe.gov.br\/portal\/wp-content\/uploads\/2017\/12\/WhatsApp-Image-2017-12-18-at-19.40.45-1.jpeg'><img loading=\"lazy\" decoding=\"async\" width=\"150\" height=\"150\" src=\"http:\/\/www.prefeituradavitoria.pe.gov.br\/portal\/wp-content\/uploads\/2017\/12\/WhatsApp-Image-2017-12-18-at-19.40.45-1-150x150.jpeg\" class=\"attachment-thumbnail size-thumbnail\" alt=\"\" \/><\/a>\n\t\t\t<\/div><\/figure><figure class='gallery-item'>\n\t\t\t<div class='gallery-icon landscape'>\n\t\t\t\t<a href='http:\/\/www.prefeituradavitoria.pe.gov.br\/portal\/wp-content\/uploads\/2017\/12\/WhatsApp-Image-2017-12-18-at-19.40.45.jpeg'><img loading=\"lazy\" decoding=\"async\" width=\"150\" height=\"150\" src=\"http:\/\/www.prefeituradavitoria.pe.gov.br\/portal\/wp-content\/uploads\/2017\/12\/WhatsApp-Image-2017-12-18-at-19.40.45-150x150.jpeg\" class=\"attachment-thumbnail size-thumbnail\" alt=\"\" \/><\/a>\n\t\t\t<\/div><\/figure>\n\t\t<\/div>\n\n","protected":false},"excerpt":{"rendered":"<p>A Prefeitura da Vit\u00f3ria de Santo Ant\u00e3o, por meio da Secretaria Municipal de Desenvolvimento Econ\u00f4mico, em parceria com a C\u00e2mara de Dirigentes Lojistas (CDL), Associa\u00e7\u00e3o Comercial da Vit\u00f3ria (ACIAV), e o Vit\u00f3ria Park Shopping, realizaram no com\u00e9rcio do munic\u00edpio o lan\u00e7amento da campanha \u201cNatal Compre no Com\u00e9rcio Local&#8221; com o slogan: Em Vit\u00f3ria \u00e9 sem [&hellip;]<\/p>\n","protected":false},"author":1,"featured_media":3353,"comment_status":"open","ping_status":"closed","sticky":false,"template":"","format":"standard","meta":{"site-sidebar-layout":"default","site-content-layout":"","ast-site-content-layout":"default","site-content-style":"default","site-sidebar-style":"default","ast-global-header-display":"","ast-banner-title-visibility":"","ast-main-header-display":"","ast-hfb-above-header-display":"","ast-hfb-below-header-display":"","ast-hfb-mobile-header-display":"","site-post-title":"","ast-breadcrumbs-content":"","ast-featured-img":"","footer-sml-layout":"","ast-disable-related-posts":"","theme-transparent-header-meta":"","adv-header-id-meta":"","stick-header-meta":"","header-above-stick-meta":"","header-main-stick-meta":"","header-below-stick-meta":"","astra-migrate-meta-layouts":"default","ast-page-background-enabled":"default","ast-page-background-meta":{"desktop":{"background-color":"","background-image":"","background-repeat":"repeat","background-position":"center center","background-size":"auto","background-attachment":"scroll","background-type":"","background-media":"","overlay-type":"","overlay-color":"","overlay-opacity":"","overlay-gradient":""},"tablet":{"background-color":"","background-image":"","background-repeat":"repeat","background-position":"center center","background-size":"auto","background-attachment":"scroll","background-type":"","background-media":"","overlay-type":"","overlay-color":"","overlay-opacity":"","overlay-gradient":""},"mobile":{"background-color":"","background-image":"","background-repeat":"repeat","background-position":"center center","background-size":"auto","background-attachment":"scroll","background-type":"","background-media":"","overlay-type":"","overlay-color":"","overlay-opacity":"","overlay-gradient":""}},"ast-content-background-meta":{"desktop":{"background-color":"var(--ast-global-color-5)","background-image":"","background-repeat":"repeat","background-position":"center center","background-size":"auto","background-attachment":"scroll","background-type":"","background-media":"","overlay-type":"","overlay-color":"","overlay-opacity":"","overlay-gradient":""},"tablet":{"background-color":"var(--ast-global-color-5)","background-image":"","background-repeat":"repeat","background-position":"center center","background-size":"auto","background-attachment":"scroll","background-type":"","background-media":"","overlay-type":"","overlay-color":"","overlay-opacity":"","overlay-gradient":""},"mobile":{"background-color":"var(--ast-global-color-5)","background-image":"","background-repeat":"repeat","background-position":"center center","background-size":"auto","background-attachment":"scroll","background-type":"","background-media":"","overlay-type":"","overlay-color":"","overlay-opacity":"","overlay-gradient":""}},"footnotes":""},"categories":[5],"tags":[],"class_list":["post-3349","post","type-post","status-publish","format-standard","has-post-thumbnail","hentry","category-destaque"],"_links":{"self":[{"href":"http:\/\/www.prefeituradavitoria.pe.gov.br\/portal\/index.php\/wp-json\/wp\/v2\/posts\/3349","targetHints":{"allow":["GET"]}}],"collection":[{"href":"http:\/\/www.prefeituradavitoria.pe.gov.br\/portal\/index.php\/wp-json\/wp\/v2\/posts"}],"about":[{"href":"http:\/\/www.prefeituradavitoria.pe.gov.br\/portal\/index.php\/wp-json\/wp\/v2\/types\/post"}],"author":[{"embeddable":true,"href":"http:\/\/www.prefeituradavitoria.pe.gov.br\/portal\/index.php\/wp-json\/wp\/v2\/users\/1"}],"replies":[{"embeddable":true,"href":"http:\/\/www.prefeituradavitoria.pe.gov.br\/portal\/index.php\/wp-json\/wp\/v2\/comments?post=3349"}],"version-history":[{"count":0,"href":"http:\/\/www.prefeituradavitoria.pe.gov.br\/portal\/index.php\/wp-json\/wp\/v2\/posts\/3349\/revisions"}],"wp:featuredmedia":[{"embeddable":true,"href":"http:\/\/www.prefeituradavitoria.pe.gov.br\/portal\/index.php\/wp-json\/wp\/v2\/media\/3353"}],"wp:attachment":[{"href":"http:\/\/www.prefeituradavitoria.pe.gov.br\/portal\/index.php\/wp-json\/wp\/v2\/media?parent=3349"}],"wp:term":[{"taxonomy":"category","embeddable":true,"href":"http:\/\/www.prefeituradavitoria.pe.gov.br\/portal\/index.php\/wp-json\/wp\/v2\/categories?post=3349"},{"taxonomy":"post_tag","embeddable":true,"href":"http:\/\/www.prefeituradavitoria.pe.gov.br\/portal\/index.php\/wp-json\/wp\/v2\/tags?post=3349"}],"curies":[{"name":"wp","href":"https:\/\/api.w.org\/{rel}","templated":true}]}}