{"id":3457,"date":"2017-12-24T14:37:35","date_gmt":"2017-12-24T16:37:35","guid":{"rendered":"http:\/\/www.prefeituradavitoria.pe.gov.br\/portal\/index.php\/2017\/12\/24\/natal-da-paz-encanta-o-publico-no-segundo-final-de-semana-em-vitoria\/"},"modified":"2017-12-24T14:37:35","modified_gmt":"2017-12-24T16:37:35","slug":"natal-da-paz-encanta-o-publico-no-segundo-final-de-semana-em-vitoria","status":"publish","type":"post","link":"http:\/\/www.prefeituradavitoria.pe.gov.br\/portal\/index.php\/2017\/12\/24\/natal-da-paz-encanta-o-publico-no-segundo-final-de-semana-em-vitoria\/","title":{"rendered":"Natal da Paz encanta o p\u00fablico no segundo final de semana em Vit\u00f3ria"},"content":{"rendered":"<p>O segundo fim de semana do Natal da Paz encantou novamente a popula\u00e7\u00e3o vitoriense. Com uma programa\u00e7\u00e3o diversificada, adultos e crian\u00e7as contaram com o desfile do Papai Noel pelas principais ruas da Vit\u00f3ria de Santo Ant\u00e3o. As apresenta\u00e7\u00f5es tem\u00e1ticas do Grupo M\u00e1quina Teatral, Pastoril da Melhor da Idade, Coral do Col\u00e9gio CAIC Diogo de Braga e a Banda Marcial do Col\u00e9gio 3 de Agosto surpreenderam a todos pelo brilhantismo.<\/p>\n<p>O Natal da Paz &#8211; ANO I \u00e9 uma realiza\u00e7\u00e3o da Prefeitura da Vit\u00f3ria de Santo Ant\u00e3o, por meio das Secretarias Municipais de Cultura, Turismo e Esportes e Assist\u00eancia Social. O evento \u00e9 idealizado pela primeira dama Cristiane Queralvares, e segue at\u00e9 o dia 06 de janeiro.<\/p>\n<div id='gallery-1' class='gallery galleryid-3457 gallery-columns-4 gallery-size-thumbnail'><figure class='gallery-item'>\n\t\t\t<div class='gallery-icon landscape'>\n\t\t\t\t<a href='http:\/\/www.prefeituradavitoria.pe.gov.br\/portal\/wp-content\/uploads\/2017\/12\/IMG_1822.jpg'><img decoding=\"async\" width=\"150\" height=\"150\" src=\"http:\/\/www.prefeituradavitoria.pe.gov.br\/portal\/wp-content\/uploads\/2017\/12\/IMG_1822-150x150.jpg\" class=\"attachment-thumbnail size-thumbnail\" alt=\"\" \/><\/a>\n\t\t\t<\/div><\/figure><figure class='gallery-item'>\n\t\t\t<div class='gallery-icon landscape'>\n\t\t\t\t<a href='http:\/\/www.prefeituradavitoria.pe.gov.br\/portal\/wp-content\/uploads\/2017\/12\/IMG_1828.jpg'><img decoding=\"async\" width=\"150\" height=\"150\" src=\"http:\/\/www.prefeituradavitoria.pe.gov.br\/portal\/wp-content\/uploads\/2017\/12\/IMG_1828-150x150.jpg\" class=\"attachment-thumbnail size-thumbnail\" alt=\"\" \/><\/a>\n\t\t\t<\/div><\/figure><figure class='gallery-item'>\n\t\t\t<div class='gallery-icon landscape'>\n\t\t\t\t<a href='http:\/\/www.prefeituradavitoria.pe.gov.br\/portal\/wp-content\/uploads\/2017\/12\/IMG_1833.jpg'><img decoding=\"async\" width=\"150\" height=\"150\" src=\"http:\/\/www.prefeituradavitoria.pe.gov.br\/portal\/wp-content\/uploads\/2017\/12\/IMG_1833-150x150.jpg\" class=\"attachment-thumbnail size-thumbnail\" alt=\"\" \/><\/a>\n\t\t\t<\/div><\/figure><figure class='gallery-item'>\n\t\t\t<div class='gallery-icon landscape'>\n\t\t\t\t<a href='http:\/\/www.prefeituradavitoria.pe.gov.br\/portal\/wp-content\/uploads\/2017\/12\/IMG_1835.jpg'><img loading=\"lazy\" decoding=\"async\" width=\"150\" height=\"150\" src=\"http:\/\/www.prefeituradavitoria.pe.gov.br\/portal\/wp-content\/uploads\/2017\/12\/IMG_1835-150x150.jpg\" class=\"attachment-thumbnail size-thumbnail\" alt=\"\" \/><\/a>\n\t\t\t<\/div><\/figure><figure class='gallery-item'>\n\t\t\t<div class='gallery-icon landscape'>\n\t\t\t\t<a href='http:\/\/www.prefeituradavitoria.pe.gov.br\/portal\/wp-content\/uploads\/2017\/12\/IMG_1839.jpg'><img loading=\"lazy\" decoding=\"async\" width=\"150\" height=\"150\" src=\"http:\/\/www.prefeituradavitoria.pe.gov.br\/portal\/wp-content\/uploads\/2017\/12\/IMG_1839-150x150.jpg\" class=\"attachment-thumbnail size-thumbnail\" alt=\"\" \/><\/a>\n\t\t\t<\/div><\/figure><figure class='gallery-item'>\n\t\t\t<div class='gallery-icon landscape'>\n\t\t\t\t<a href='http:\/\/www.prefeituradavitoria.pe.gov.br\/portal\/wp-content\/uploads\/2017\/12\/IMG_1847.jpg'><img loading=\"lazy\" decoding=\"async\" width=\"150\" height=\"150\" src=\"http:\/\/www.prefeituradavitoria.pe.gov.br\/portal\/wp-content\/uploads\/2017\/12\/IMG_1847-150x150.jpg\" class=\"attachment-thumbnail size-thumbnail\" alt=\"\" \/><\/a>\n\t\t\t<\/div><\/figure><figure class='gallery-item'>\n\t\t\t<div class='gallery-icon landscape'>\n\t\t\t\t<a href='http:\/\/www.prefeituradavitoria.pe.gov.br\/portal\/wp-content\/uploads\/2017\/12\/IMG_1853.jpg'><img loading=\"lazy\" decoding=\"async\" width=\"150\" height=\"150\" src=\"http:\/\/www.prefeituradavitoria.pe.gov.br\/portal\/wp-content\/uploads\/2017\/12\/IMG_1853-150x150.jpg\" class=\"attachment-thumbnail size-thumbnail\" alt=\"\" \/><\/a>\n\t\t\t<\/div><\/figure><figure class='gallery-item'>\n\t\t\t<div class='gallery-icon landscape'>\n\t\t\t\t<a href='http:\/\/www.prefeituradavitoria.pe.gov.br\/portal\/wp-content\/uploads\/2017\/12\/IMG_1862.jpg'><img loading=\"lazy\" decoding=\"async\" width=\"150\" height=\"150\" src=\"http:\/\/www.prefeituradavitoria.pe.gov.br\/portal\/wp-content\/uploads\/2017\/12\/IMG_1862-150x150.jpg\" class=\"attachment-thumbnail size-thumbnail\" alt=\"\" \/><\/a>\n\t\t\t<\/div><\/figure><figure class='gallery-item'>\n\t\t\t<div class='gallery-icon landscape'>\n\t\t\t\t<a href='http:\/\/www.prefeituradavitoria.pe.gov.br\/portal\/wp-content\/uploads\/2017\/12\/IMG_1866.jpg'><img loading=\"lazy\" decoding=\"async\" width=\"150\" height=\"150\" src=\"http:\/\/www.prefeituradavitoria.pe.gov.br\/portal\/wp-content\/uploads\/2017\/12\/IMG_1866-150x150.jpg\" class=\"attachment-thumbnail size-thumbnail\" alt=\"\" \/><\/a>\n\t\t\t<\/div><\/figure><figure class='gallery-item'>\n\t\t\t<div class='gallery-icon landscape'>\n\t\t\t\t<a href='http:\/\/www.prefeituradavitoria.pe.gov.br\/portal\/wp-content\/uploads\/2017\/12\/IMG_1882.jpg'><img loading=\"lazy\" decoding=\"async\" width=\"150\" height=\"150\" src=\"http:\/\/www.prefeituradavitoria.pe.gov.br\/portal\/wp-content\/uploads\/2017\/12\/IMG_1882-150x150.jpg\" class=\"attachment-thumbnail size-thumbnail\" alt=\"\" \/><\/a>\n\t\t\t<\/div><\/figure><figure class='gallery-item'>\n\t\t\t<div class='gallery-icon landscape'>\n\t\t\t\t<a href='http:\/\/www.prefeituradavitoria.pe.gov.br\/portal\/wp-content\/uploads\/2017\/12\/IMG_1893.jpg'><img loading=\"lazy\" decoding=\"async\" width=\"150\" height=\"150\" src=\"http:\/\/www.prefeituradavitoria.pe.gov.br\/portal\/wp-content\/uploads\/2017\/12\/IMG_1893-150x150.jpg\" class=\"attachment-thumbnail size-thumbnail\" alt=\"\" \/><\/a>\n\t\t\t<\/div><\/figure><figure class='gallery-item'>\n\t\t\t<div class='gallery-icon landscape'>\n\t\t\t\t<a href='http:\/\/www.prefeituradavitoria.pe.gov.br\/portal\/wp-content\/uploads\/2017\/12\/IMG_1900.jpg'><img loading=\"lazy\" decoding=\"async\" width=\"150\" height=\"150\" src=\"http:\/\/www.prefeituradavitoria.pe.gov.br\/portal\/wp-content\/uploads\/2017\/12\/IMG_1900-150x150.jpg\" class=\"attachment-thumbnail size-thumbnail\" alt=\"\" \/><\/a>\n\t\t\t<\/div><\/figure><figure class='gallery-item'>\n\t\t\t<div class='gallery-icon landscape'>\n\t\t\t\t<a href='http:\/\/www.prefeituradavitoria.pe.gov.br\/portal\/wp-content\/uploads\/2017\/12\/IMG_1902.jpg'><img loading=\"lazy\" decoding=\"async\" width=\"150\" height=\"150\" src=\"http:\/\/www.prefeituradavitoria.pe.gov.br\/portal\/wp-content\/uploads\/2017\/12\/IMG_1902-150x150.jpg\" class=\"attachment-thumbnail size-thumbnail\" alt=\"\" \/><\/a>\n\t\t\t<\/div><\/figure><figure class='gallery-item'>\n\t\t\t<div class='gallery-icon landscape'>\n\t\t\t\t<a href='http:\/\/www.prefeituradavitoria.pe.gov.br\/portal\/wp-content\/uploads\/2017\/12\/IMG_1903.jpg'><img loading=\"lazy\" decoding=\"async\" width=\"150\" height=\"150\" src=\"http:\/\/www.prefeituradavitoria.pe.gov.br\/portal\/wp-content\/uploads\/2017\/12\/IMG_1903-150x150.jpg\" class=\"attachment-thumbnail size-thumbnail\" alt=\"\" \/><\/a>\n\t\t\t<\/div><\/figure><figure class='gallery-item'>\n\t\t\t<div class='gallery-icon landscape'>\n\t\t\t\t<a href='http:\/\/www.prefeituradavitoria.pe.gov.br\/portal\/wp-content\/uploads\/2017\/12\/IMG_1914.jpg'><img loading=\"lazy\" decoding=\"async\" width=\"150\" height=\"150\" src=\"http:\/\/www.prefeituradavitoria.pe.gov.br\/portal\/wp-content\/uploads\/2017\/12\/IMG_1914-150x150.jpg\" class=\"attachment-thumbnail size-thumbnail\" alt=\"\" \/><\/a>\n\t\t\t<\/div><\/figure><figure class='gallery-item'>\n\t\t\t<div class='gallery-icon landscape'>\n\t\t\t\t<a href='http:\/\/www.prefeituradavitoria.pe.gov.br\/portal\/wp-content\/uploads\/2017\/12\/IMG_1918.jpg'><img loading=\"lazy\" decoding=\"async\" width=\"150\" height=\"150\" src=\"http:\/\/www.prefeituradavitoria.pe.gov.br\/portal\/wp-content\/uploads\/2017\/12\/IMG_1918-150x150.jpg\" class=\"attachment-thumbnail size-thumbnail\" alt=\"\" \/><\/a>\n\t\t\t<\/div><\/figure><figure class='gallery-item'>\n\t\t\t<div class='gallery-icon landscape'>\n\t\t\t\t<a href='http:\/\/www.prefeituradavitoria.pe.gov.br\/portal\/wp-content\/uploads\/2017\/12\/IMG_1921.jpg'><img loading=\"lazy\" decoding=\"async\" width=\"150\" height=\"150\" src=\"http:\/\/www.prefeituradavitoria.pe.gov.br\/portal\/wp-content\/uploads\/2017\/12\/IMG_1921-150x150.jpg\" class=\"attachment-thumbnail size-thumbnail\" alt=\"\" \/><\/a>\n\t\t\t<\/div><\/figure><figure class='gallery-item'>\n\t\t\t<div class='gallery-icon landscape'>\n\t\t\t\t<a href='http:\/\/www.prefeituradavitoria.pe.gov.br\/portal\/wp-content\/uploads\/2017\/12\/IMG_1934.jpg'><img loading=\"lazy\" decoding=\"async\" width=\"150\" height=\"150\" src=\"http:\/\/www.prefeituradavitoria.pe.gov.br\/portal\/wp-content\/uploads\/2017\/12\/IMG_1934-150x150.jpg\" class=\"attachment-thumbnail size-thumbnail\" alt=\"\" \/><\/a>\n\t\t\t<\/div><\/figure><figure class='gallery-item'>\n\t\t\t<div class='gallery-icon landscape'>\n\t\t\t\t<a href='http:\/\/www.prefeituradavitoria.pe.gov.br\/portal\/wp-content\/uploads\/2017\/12\/IMG_1938.jpg'><img loading=\"lazy\" decoding=\"async\" width=\"150\" height=\"150\" src=\"http:\/\/www.prefeituradavitoria.pe.gov.br\/portal\/wp-content\/uploads\/2017\/12\/IMG_1938-150x150.jpg\" class=\"attachment-thumbnail size-thumbnail\" alt=\"\" \/><\/a>\n\t\t\t<\/div><\/figure><figure class='gallery-item'>\n\t\t\t<div class='gallery-icon landscape'>\n\t\t\t\t<a href='http:\/\/www.prefeituradavitoria.pe.gov.br\/portal\/wp-content\/uploads\/2017\/12\/IMG_1944.jpg'><img loading=\"lazy\" decoding=\"async\" width=\"150\" height=\"150\" src=\"http:\/\/www.prefeituradavitoria.pe.gov.br\/portal\/wp-content\/uploads\/2017\/12\/IMG_1944-150x150.jpg\" class=\"attachment-thumbnail size-thumbnail\" alt=\"\" \/><\/a>\n\t\t\t<\/div><\/figure><figure class='gallery-item'>\n\t\t\t<div class='gallery-icon landscape'>\n\t\t\t\t<a href='http:\/\/www.prefeituradavitoria.pe.gov.br\/portal\/wp-content\/uploads\/2017\/12\/IMG_1946.jpg'><img loading=\"lazy\" decoding=\"async\" width=\"150\" height=\"150\" src=\"http:\/\/www.prefeituradavitoria.pe.gov.br\/portal\/wp-content\/uploads\/2017\/12\/IMG_1946-150x150.jpg\" class=\"attachment-thumbnail size-thumbnail\" alt=\"\" \/><\/a>\n\t\t\t<\/div><\/figure><figure class='gallery-item'>\n\t\t\t<div class='gallery-icon landscape'>\n\t\t\t\t<a href='http:\/\/www.prefeituradavitoria.pe.gov.br\/portal\/wp-content\/uploads\/2017\/12\/IMG_1951.jpg'><img loading=\"lazy\" decoding=\"async\" width=\"150\" height=\"150\" src=\"http:\/\/www.prefeituradavitoria.pe.gov.br\/portal\/wp-content\/uploads\/2017\/12\/IMG_1951-150x150.jpg\" class=\"attachment-thumbnail size-thumbnail\" alt=\"\" \/><\/a>\n\t\t\t<\/div><\/figure><figure class='gallery-item'>\n\t\t\t<div class='gallery-icon landscape'>\n\t\t\t\t<a href='http:\/\/www.prefeituradavitoria.pe.gov.br\/portal\/wp-content\/uploads\/2017\/12\/IMG_1953.jpg'><img loading=\"lazy\" decoding=\"async\" width=\"150\" height=\"150\" src=\"http:\/\/www.prefeituradavitoria.pe.gov.br\/portal\/wp-content\/uploads\/2017\/12\/IMG_1953-150x150.jpg\" class=\"attachment-thumbnail size-thumbnail\" alt=\"\" \/><\/a>\n\t\t\t<\/div><\/figure><figure class='gallery-item'>\n\t\t\t<div class='gallery-icon landscape'>\n\t\t\t\t<a href='http:\/\/www.prefeituradavitoria.pe.gov.br\/portal\/wp-content\/uploads\/2017\/12\/IMG_1960.jpg'><img loading=\"lazy\" decoding=\"async\" width=\"150\" height=\"150\" src=\"http:\/\/www.prefeituradavitoria.pe.gov.br\/portal\/wp-content\/uploads\/2017\/12\/IMG_1960-150x150.jpg\" class=\"attachment-thumbnail size-thumbnail\" alt=\"\" \/><\/a>\n\t\t\t<\/div><\/figure><figure class='gallery-item'>\n\t\t\t<div class='gallery-icon landscape'>\n\t\t\t\t<a href='http:\/\/www.prefeituradavitoria.pe.gov.br\/portal\/wp-content\/uploads\/2017\/12\/IMG_1965.jpg'><img loading=\"lazy\" decoding=\"async\" width=\"150\" height=\"150\" src=\"http:\/\/www.prefeituradavitoria.pe.gov.br\/portal\/wp-content\/uploads\/2017\/12\/IMG_1965-150x150.jpg\" class=\"attachment-thumbnail size-thumbnail\" alt=\"\" \/><\/a>\n\t\t\t<\/div><\/figure><figure class='gallery-item'>\n\t\t\t<div class='gallery-icon landscape'>\n\t\t\t\t<a href='http:\/\/www.prefeituradavitoria.pe.gov.br\/portal\/wp-content\/uploads\/2017\/12\/IMG_1972.jpg'><img loading=\"lazy\" decoding=\"async\" width=\"150\" height=\"150\" src=\"http:\/\/www.prefeituradavitoria.pe.gov.br\/portal\/wp-content\/uploads\/2017\/12\/IMG_1972-150x150.jpg\" class=\"attachment-thumbnail size-thumbnail\" alt=\"\" \/><\/a>\n\t\t\t<\/div><\/figure><figure class='gallery-item'>\n\t\t\t<div class='gallery-icon landscape'>\n\t\t\t\t<a href='http:\/\/www.prefeituradavitoria.pe.gov.br\/portal\/wp-content\/uploads\/2017\/12\/IMG_1977.jpg'><img loading=\"lazy\" decoding=\"async\" width=\"150\" height=\"150\" src=\"http:\/\/www.prefeituradavitoria.pe.gov.br\/portal\/wp-content\/uploads\/2017\/12\/IMG_1977-150x150.jpg\" class=\"attachment-thumbnail size-thumbnail\" alt=\"\" \/><\/a>\n\t\t\t<\/div><\/figure><figure class='gallery-item'>\n\t\t\t<div class='gallery-icon landscape'>\n\t\t\t\t<a href='http:\/\/www.prefeituradavitoria.pe.gov.br\/portal\/wp-content\/uploads\/2017\/12\/IMG_1979.jpg'><img loading=\"lazy\" decoding=\"async\" width=\"150\" height=\"150\" src=\"http:\/\/www.prefeituradavitoria.pe.gov.br\/portal\/wp-content\/uploads\/2017\/12\/IMG_1979-150x150.jpg\" class=\"attachment-thumbnail size-thumbnail\" alt=\"\" \/><\/a>\n\t\t\t<\/div><\/figure><figure class='gallery-item'>\n\t\t\t<div class='gallery-icon landscape'>\n\t\t\t\t<a href='http:\/\/www.prefeituradavitoria.pe.gov.br\/portal\/wp-content\/uploads\/2017\/12\/IMG_1983.jpg'><img loading=\"lazy\" decoding=\"async\" width=\"150\" height=\"150\" src=\"http:\/\/www.prefeituradavitoria.pe.gov.br\/portal\/wp-content\/uploads\/2017\/12\/IMG_1983-150x150.jpg\" class=\"attachment-thumbnail size-thumbnail\" alt=\"\" \/><\/a>\n\t\t\t<\/div><\/figure><figure class='gallery-item'>\n\t\t\t<div class='gallery-icon landscape'>\n\t\t\t\t<a href='http:\/\/www.prefeituradavitoria.pe.gov.br\/portal\/wp-content\/uploads\/2017\/12\/IMG_1986.jpg'><img loading=\"lazy\" decoding=\"async\" width=\"150\" height=\"150\" src=\"http:\/\/www.prefeituradavitoria.pe.gov.br\/portal\/wp-content\/uploads\/2017\/12\/IMG_1986-150x150.jpg\" class=\"attachment-thumbnail size-thumbnail\" alt=\"\" \/><\/a>\n\t\t\t<\/div><\/figure><figure class='gallery-item'>\n\t\t\t<div class='gallery-icon landscape'>\n\t\t\t\t<a href='http:\/\/www.prefeituradavitoria.pe.gov.br\/portal\/wp-content\/uploads\/2017\/12\/IMG_1989.jpg'><img loading=\"lazy\" decoding=\"async\" width=\"150\" height=\"150\" src=\"http:\/\/www.prefeituradavitoria.pe.gov.br\/portal\/wp-content\/uploads\/2017\/12\/IMG_1989-150x150.jpg\" class=\"attachment-thumbnail size-thumbnail\" alt=\"\" \/><\/a>\n\t\t\t<\/div><\/figure><figure class='gallery-item'>\n\t\t\t<div class='gallery-icon landscape'>\n\t\t\t\t<a href='http:\/\/www.prefeituradavitoria.pe.gov.br\/portal\/wp-content\/uploads\/2017\/12\/IMG_1997.jpg'><img loading=\"lazy\" decoding=\"async\" width=\"150\" height=\"150\" src=\"http:\/\/www.prefeituradavitoria.pe.gov.br\/portal\/wp-content\/uploads\/2017\/12\/IMG_1997-150x150.jpg\" class=\"attachment-thumbnail size-thumbnail\" alt=\"\" \/><\/a>\n\t\t\t<\/div><\/figure>\n\t\t<\/div>\n\n","protected":false},"excerpt":{"rendered":"<p>O segundo fim de semana do Natal da Paz encantou novamente a popula\u00e7\u00e3o vitoriense. Com uma programa\u00e7\u00e3o diversificada, adultos e crian\u00e7as contaram com o desfile do Papai Noel pelas principais ruas da Vit\u00f3ria de Santo Ant\u00e3o. As apresenta\u00e7\u00f5es tem\u00e1ticas do Grupo M\u00e1quina Teatral, Pastoril da Melhor da Idade, Coral do Col\u00e9gio CAIC Diogo de Braga [&hellip;]<\/p>\n","protected":false},"author":1,"featured_media":3474,"comment_status":"open","ping_status":"closed","sticky":false,"template":"","format":"standard","meta":{"site-sidebar-layout":"default","site-content-layout":"","ast-site-content-layout":"default","site-content-style":"default","site-sidebar-style":"default","ast-global-header-display":"","ast-banner-title-visibility":"","ast-main-header-display":"","ast-hfb-above-header-display":"","ast-hfb-below-header-display":"","ast-hfb-mobile-header-display":"","site-post-title":"","ast-breadcrumbs-content":"","ast-featured-img":"","footer-sml-layout":"","ast-disable-related-posts":"","theme-transparent-header-meta":"","adv-header-id-meta":"","stick-header-meta":"","header-above-stick-meta":"","header-main-stick-meta":"","header-below-stick-meta":"","astra-migrate-meta-layouts":"default","ast-page-background-enabled":"default","ast-page-background-meta":{"desktop":{"background-color":"","background-image":"","background-repeat":"repeat","background-position":"center center","background-size":"auto","background-attachment":"scroll","background-type":"","background-media":"","overlay-type":"","overlay-color":"","overlay-opacity":"","overlay-gradient":""},"tablet":{"background-color":"","background-image":"","background-repeat":"repeat","background-position":"center center","background-size":"auto","background-attachment":"scroll","background-type":"","background-media":"","overlay-type":"","overlay-color":"","overlay-opacity":"","overlay-gradient":""},"mobile":{"background-color":"","background-image":"","background-repeat":"repeat","background-position":"center center","background-size":"auto","background-attachment":"scroll","background-type":"","background-media":"","overlay-type":"","overlay-color":"","overlay-opacity":"","overlay-gradient":""}},"ast-content-background-meta":{"desktop":{"background-color":"var(--ast-global-color-5)","background-image":"","background-repeat":"repeat","background-position":"center center","background-size":"auto","background-attachment":"scroll","background-type":"","background-media":"","overlay-type":"","overlay-color":"","overlay-opacity":"","overlay-gradient":""},"tablet":{"background-color":"var(--ast-global-color-5)","background-image":"","background-repeat":"repeat","background-position":"center center","background-size":"auto","background-attachment":"scroll","background-type":"","background-media":"","overlay-type":"","overlay-color":"","overlay-opacity":"","overlay-gradient":""},"mobile":{"background-color":"var(--ast-global-color-5)","background-image":"","background-repeat":"repeat","background-position":"center center","background-size":"auto","background-attachment":"scroll","background-type":"","background-media":"","overlay-type":"","overlay-color":"","overlay-opacity":"","overlay-gradient":""}},"footnotes":""},"categories":[5],"tags":[],"class_list":["post-3457","post","type-post","status-publish","format-standard","has-post-thumbnail","hentry","category-destaque"],"_links":{"self":[{"href":"http:\/\/www.prefeituradavitoria.pe.gov.br\/portal\/index.php\/wp-json\/wp\/v2\/posts\/3457","targetHints":{"allow":["GET"]}}],"collection":[{"href":"http:\/\/www.prefeituradavitoria.pe.gov.br\/portal\/index.php\/wp-json\/wp\/v2\/posts"}],"about":[{"href":"http:\/\/www.prefeituradavitoria.pe.gov.br\/portal\/index.php\/wp-json\/wp\/v2\/types\/post"}],"author":[{"embeddable":true,"href":"http:\/\/www.prefeituradavitoria.pe.gov.br\/portal\/index.php\/wp-json\/wp\/v2\/users\/1"}],"replies":[{"embeddable":true,"href":"http:\/\/www.prefeituradavitoria.pe.gov.br\/portal\/index.php\/wp-json\/wp\/v2\/comments?post=3457"}],"version-history":[{"count":0,"href":"http:\/\/www.prefeituradavitoria.pe.gov.br\/portal\/index.php\/wp-json\/wp\/v2\/posts\/3457\/revisions"}],"wp:featuredmedia":[{"embeddable":true,"href":"http:\/\/www.prefeituradavitoria.pe.gov.br\/portal\/index.php\/wp-json\/wp\/v2\/media\/3474"}],"wp:attachment":[{"href":"http:\/\/www.prefeituradavitoria.pe.gov.br\/portal\/index.php\/wp-json\/wp\/v2\/media?parent=3457"}],"wp:term":[{"taxonomy":"category","embeddable":true,"href":"http:\/\/www.prefeituradavitoria.pe.gov.br\/portal\/index.php\/wp-json\/wp\/v2\/categories?post=3457"},{"taxonomy":"post_tag","embeddable":true,"href":"http:\/\/www.prefeituradavitoria.pe.gov.br\/portal\/index.php\/wp-json\/wp\/v2\/tags?post=3457"}],"curies":[{"name":"wp","href":"https:\/\/api.w.org\/{rel}","templated":true}]}}