{"id":30420,"date":"2024-04-25T22:28:20","date_gmt":"2024-04-25T22:28:20","guid":{"rendered":"https:\/\/www.prefeituradavitoria.pe.gov.br\/portal\/?p=30420"},"modified":"2024-04-25T22:53:43","modified_gmt":"2024-04-25T22:53:43","slug":"prefeitura-da-vitoria-entrega-ubs-do-amparo-com-atendimento-estendido-ate-21h","status":"publish","type":"post","link":"https:\/\/www.prefeituradavitoria.pe.gov.br\/portal\/index.php\/2024\/04\/25\/prefeitura-da-vitoria-entrega-ubs-do-amparo-com-atendimento-estendido-ate-21h\/","title":{"rendered":"Prefeitura da Vit\u00f3ria entrega UBS do Amparo com atendimento estendido at\u00e9 as 21h"},"content":{"rendered":"<p style=\"text-align: justify;\">Mais uma comunidade da Vit\u00f3ria de Santo Ant\u00e3o foi agraciada com uma Unidade B\u00e1sica de Sa\u00fade (UBS) totalmente repaginada. Na tarde desta quinta-feira (25), foram os moradores do Alto Nossa Senhora do Amparo que sentiram a satisfa\u00e7\u00e3o de ter o posto com mudan\u00e7as significativas na estrutura. Agora ampliado e climatizado, o local ficar\u00e1 aberto at\u00e9 21h, gra\u00e7as ao Sa\u00fade At\u00e9 Mais Tarde, que objetiva atender pessoas que n\u00e3o possuem tempo para cuidar de si mesmo durante o dia.<\/p>\n<p style=\"text-align: justify;\">A abertura do servi\u00e7o contempla centenas de fam\u00edlias, que pediam pelo novo espa\u00e7o h\u00e1 muito tempo. Para o secret\u00e1rio de Sa\u00fade e Bem-Estar do munic\u00edpio, Alex Vasconcelos, a nova UBS \u00e9 mais uma grandiosa conquista. &#8220;\u00c9 uma imensa satisfa\u00e7\u00e3o estar inaugurando este equipamento, porque isso evidencia nosso compromisso em assegurar uma sa\u00fade digna para todos. Uma grande vit\u00f3ria para n\u00f3s e para os moradores\u201d, disse.<\/p>\n<p style=\"text-align: justify;\">Com essa entrega, Vit\u00f3ria chega a uma cobertura satisfat\u00f3ria na Aten\u00e7\u00e3o B\u00e1sica em Sa\u00fade. No in\u00edcio do m\u00eas, foi entregue a UBS de Doutor Alvinho e, do come\u00e7o do ano at\u00e9 hoje, Luiz Gonzaga, Jardim Ipiranga e Serra Grande foram os locais atendidos com novas unidades. Entre os servi\u00e7os que ser\u00e3o ofertados na comunidade do Amparo est\u00e3o: teste de gravidez, acompanhamento pr\u00e9-natal, odontologia, citologia, vacina\u00e7\u00e3o, curativos, al\u00e9m de encaminhamentos m\u00e9dicos.<\/p>\n<p style=\"text-align: justify;\">Ao lado de moradores, secret\u00e1rios, vereadores e do deputado estadual Joaquim Lira, o prefeito Paulo Roberto comemorou mais um feito. &#8220;Como mencionamos desde o in\u00edcio de nossa gest\u00e3o, nossa prioridade \u00e9 zelar pelo bem-estar das pessoas e reconhecer seu valor. Essa miss\u00e3o s\u00f3 se concretiza ao proporcionarmos dignidade, educa\u00e7\u00e3o e sa\u00fade. Esse trabalho n\u00e3o \u00e9 s\u00f3 meu, mas de todos os vitorienses, de todos os que est\u00e3o integrados em garantir um munic\u00edpio com igualdade, com zelo e respeito\u201d, destacou Paulo Roberto.<\/p>\n<div id='gallery-1' class='gallery galleryid-30420 gallery-columns-3 gallery-size-thumbnail'><figure class='gallery-item'>\n\t\t\t<div class='gallery-icon landscape'>\n\t\t\t\t<a href='https:\/\/www.prefeituradavitoria.pe.gov.br\/portal\/wp-content\/uploads\/2024\/04\/ENTREGADA-UBS-AMPARO-3-scaled.jpeg'><img decoding=\"async\" width=\"150\" height=\"150\" src=\"https:\/\/www.prefeituradavitoria.pe.gov.br\/portal\/wp-content\/uploads\/2024\/04\/ENTREGADA-UBS-AMPARO-3-150x150.jpeg\" class=\"attachment-thumbnail size-thumbnail\" alt=\"\" \/><\/a>\n\t\t\t<\/div><\/figure><figure class='gallery-item'>\n\t\t\t<div class='gallery-icon landscape'>\n\t\t\t\t<a href='https:\/\/www.prefeituradavitoria.pe.gov.br\/portal\/wp-content\/uploads\/2024\/04\/ENTREGADA-UBS-AMPARO-4-scaled.jpeg'><img decoding=\"async\" width=\"150\" height=\"150\" src=\"https:\/\/www.prefeituradavitoria.pe.gov.br\/portal\/wp-content\/uploads\/2024\/04\/ENTREGADA-UBS-AMPARO-4-150x150.jpeg\" class=\"attachment-thumbnail size-thumbnail\" alt=\"\" \/><\/a>\n\t\t\t<\/div><\/figure><figure class='gallery-item'>\n\t\t\t<div class='gallery-icon landscape'>\n\t\t\t\t<a href='https:\/\/www.prefeituradavitoria.pe.gov.br\/portal\/wp-content\/uploads\/2024\/04\/ENTREGADA-UBS-AMPARO-5-scaled.jpeg'><img decoding=\"async\" width=\"150\" height=\"150\" src=\"https:\/\/www.prefeituradavitoria.pe.gov.br\/portal\/wp-content\/uploads\/2024\/04\/ENTREGADA-UBS-AMPARO-5-150x150.jpeg\" class=\"attachment-thumbnail size-thumbnail\" alt=\"\" \/><\/a>\n\t\t\t<\/div><\/figure><figure class='gallery-item'>\n\t\t\t<div class='gallery-icon landscape'>\n\t\t\t\t<a href='https:\/\/www.prefeituradavitoria.pe.gov.br\/portal\/wp-content\/uploads\/2024\/04\/ENTREGADA-UBS-AMPARO-6-scaled.jpeg'><img loading=\"lazy\" decoding=\"async\" width=\"150\" height=\"150\" src=\"https:\/\/www.prefeituradavitoria.pe.gov.br\/portal\/wp-content\/uploads\/2024\/04\/ENTREGADA-UBS-AMPARO-6-150x150.jpeg\" class=\"attachment-thumbnail size-thumbnail\" alt=\"\" \/><\/a>\n\t\t\t<\/div><\/figure><figure class='gallery-item'>\n\t\t\t<div class='gallery-icon landscape'>\n\t\t\t\t<a href='https:\/\/www.prefeituradavitoria.pe.gov.br\/portal\/wp-content\/uploads\/2024\/04\/ENTREGADA-UBS-AMPARO-7-scaled.jpeg'><img loading=\"lazy\" decoding=\"async\" width=\"150\" height=\"150\" src=\"https:\/\/www.prefeituradavitoria.pe.gov.br\/portal\/wp-content\/uploads\/2024\/04\/ENTREGADA-UBS-AMPARO-7-150x150.jpeg\" class=\"attachment-thumbnail size-thumbnail\" alt=\"\" \/><\/a>\n\t\t\t<\/div><\/figure><figure class='gallery-item'>\n\t\t\t<div class='gallery-icon landscape'>\n\t\t\t\t<a href='https:\/\/www.prefeituradavitoria.pe.gov.br\/portal\/wp-content\/uploads\/2024\/04\/ENTREGADA-UBS-AMPARO-1-scaled.jpeg'><img loading=\"lazy\" decoding=\"async\" width=\"150\" height=\"150\" src=\"https:\/\/www.prefeituradavitoria.pe.gov.br\/portal\/wp-content\/uploads\/2024\/04\/ENTREGADA-UBS-AMPARO-1-150x150.jpeg\" class=\"attachment-thumbnail size-thumbnail\" alt=\"\" \/><\/a>\n\t\t\t<\/div><\/figure><figure class='gallery-item'>\n\t\t\t<div class='gallery-icon landscape'>\n\t\t\t\t<a href='https:\/\/www.prefeituradavitoria.pe.gov.br\/portal\/wp-content\/uploads\/2024\/04\/ENTREGADA-UBS-AMPARO-2-scaled.jpeg'><img loading=\"lazy\" decoding=\"async\" width=\"150\" height=\"150\" src=\"https:\/\/www.prefeituradavitoria.pe.gov.br\/portal\/wp-content\/uploads\/2024\/04\/ENTREGADA-UBS-AMPARO-2-150x150.jpeg\" class=\"attachment-thumbnail size-thumbnail\" alt=\"\" \/><\/a>\n\t\t\t<\/div><\/figure>\n\t\t<\/div>\n\n","protected":false},"excerpt":{"rendered":"<p>Mais uma comunidade da Vit\u00f3ria de Santo Ant\u00e3o foi agraciada com uma Unidade B\u00e1sica de Sa\u00fade (UBS) totalmente repaginada. Na tarde desta quinta-feira (25), foram os moradores do Alto Nossa Senhora do Amparo que sentiram a satisfa\u00e7\u00e3o de ter o posto com mudan\u00e7as significativas na estrutura. Agora ampliado e climatizado, o local ficar\u00e1 aberto at\u00e9 [&hellip;]<\/p>\n","protected":false},"author":2,"featured_media":30421,"comment_status":"closed","ping_status":"closed","sticky":false,"template":"","format":"standard","meta":{"site-sidebar-layout":"default","site-content-layout":"default","ast-site-content-layout":"default","site-content-style":"default","site-sidebar-style":"default","ast-global-header-display":"","ast-banner-title-visibility":"","ast-main-header-display":"","ast-hfb-above-header-display":"","ast-hfb-below-header-display":"","ast-hfb-mobile-header-display":"","site-post-title":"","ast-breadcrumbs-content":"","ast-featured-img":"","footer-sml-layout":"","ast-disable-related-posts":"","theme-transparent-header-meta":"default","adv-header-id-meta":"","stick-header-meta":"","header-above-stick-meta":"","header-main-stick-meta":"","header-below-stick-meta":"","astra-migrate-meta-layouts":"default","ast-page-background-enabled":"default","ast-page-background-meta":{"desktop":{"background-color":"","background-image":"","background-repeat":"repeat","background-position":"center center","background-size":"auto","background-attachment":"scroll","background-type":"","background-media":"","overlay-type":"","overlay-color":"","overlay-opacity":"","overlay-gradient":""},"tablet":{"background-color":"","background-image":"","background-repeat":"repeat","background-position":"center center","background-size":"auto","background-attachment":"scroll","background-type":"","background-media":"","overlay-type":"","overlay-color":"","overlay-opacity":"","overlay-gradient":""},"mobile":{"background-color":"","background-image":"","background-repeat":"repeat","background-position":"center center","background-size":"auto","background-attachment":"scroll","background-type":"","background-media":"","overlay-type":"","overlay-color":"","overlay-opacity":"","overlay-gradient":""}},"ast-content-background-meta":{"desktop":{"background-color":"var(--ast-global-color-5)","background-image":"","background-repeat":"repeat","background-position":"center center","background-size":"auto","background-attachment":"scroll","background-type":"","background-media":"","overlay-type":"","overlay-color":"","overlay-opacity":"","overlay-gradient":""},"tablet":{"background-color":"var(--ast-global-color-5)","background-image":"","background-repeat":"repeat","background-position":"center center","background-size":"auto","background-attachment":"scroll","background-type":"","background-media":"","overlay-type":"","overlay-color":"","overlay-opacity":"","overlay-gradient":""},"mobile":{"background-color":"var(--ast-global-color-5)","background-image":"","background-repeat":"repeat","background-position":"center center","background-size":"auto","background-attachment":"scroll","background-type":"","background-media":"","overlay-type":"","overlay-color":"","overlay-opacity":"","overlay-gradient":""}},"footnotes":""},"categories":[5,7],"tags":[],"class_list":["post-30420","post","type-post","status-publish","format-standard","has-post-thumbnail","hentry","category-destaque","category-secretaria-de-saude"],"_links":{"self":[{"href":"https:\/\/www.prefeituradavitoria.pe.gov.br\/portal\/index.php\/wp-json\/wp\/v2\/posts\/30420","targetHints":{"allow":["GET"]}}],"collection":[{"href":"https:\/\/www.prefeituradavitoria.pe.gov.br\/portal\/index.php\/wp-json\/wp\/v2\/posts"}],"about":[{"href":"https:\/\/www.prefeituradavitoria.pe.gov.br\/portal\/index.php\/wp-json\/wp\/v2\/types\/post"}],"author":[{"embeddable":true,"href":"https:\/\/www.prefeituradavitoria.pe.gov.br\/portal\/index.php\/wp-json\/wp\/v2\/users\/2"}],"replies":[{"embeddable":true,"href":"https:\/\/www.prefeituradavitoria.pe.gov.br\/portal\/index.php\/wp-json\/wp\/v2\/comments?post=30420"}],"version-history":[{"count":4,"href":"https:\/\/www.prefeituradavitoria.pe.gov.br\/portal\/index.php\/wp-json\/wp\/v2\/posts\/30420\/revisions"}],"predecessor-version":[{"id":30432,"href":"https:\/\/www.prefeituradavitoria.pe.gov.br\/portal\/index.php\/wp-json\/wp\/v2\/posts\/30420\/revisions\/30432"}],"wp:featuredmedia":[{"embeddable":true,"href":"https:\/\/www.prefeituradavitoria.pe.gov.br\/portal\/index.php\/wp-json\/wp\/v2\/media\/30421"}],"wp:attachment":[{"href":"https:\/\/www.prefeituradavitoria.pe.gov.br\/portal\/index.php\/wp-json\/wp\/v2\/media?parent=30420"}],"wp:term":[{"taxonomy":"category","embeddable":true,"href":"https:\/\/www.prefeituradavitoria.pe.gov.br\/portal\/index.php\/wp-json\/wp\/v2\/categories?post=30420"},{"taxonomy":"post_tag","embeddable":true,"href":"https:\/\/www.prefeituradavitoria.pe.gov.br\/portal\/index.php\/wp-json\/wp\/v2\/tags?post=30420"}],"curies":[{"name":"wp","href":"https:\/\/api.w.org\/{rel}","templated":true}]}}