{"id":31635,"date":"2025-01-31T11:55:16","date_gmt":"2025-01-31T11:55:16","guid":{"rendered":"https:\/\/www.prefeituradavitoria.pe.gov.br\/portal\/?p=31635"},"modified":"2025-01-31T11:56:33","modified_gmt":"2025-01-31T11:56:33","slug":"patrulha-maria-da-penha-registra-1-600-atendimentos-em-2024-em-vitoria-de-santo-antao","status":"publish","type":"post","link":"https:\/\/www.prefeituradavitoria.pe.gov.br\/portal\/index.php\/2025\/01\/31\/patrulha-maria-da-penha-registra-1-600-atendimentos-em-2024-em-vitoria-de-santo-antao\/","title":{"rendered":"Patrulha Maria da Penha registra 1.600 atendimentos em 2024 em Vit\u00f3ria de Santo Ant\u00e3o"},"content":{"rendered":"<p style=\"text-align: justify;\">A Secretaria de Defesa Social e Seguran\u00e7a Cidad\u00e3 da Vit\u00f3ria de Santo Ant\u00e3o divulgou um balan\u00e7o das atividades da Patrulha Municipal Maria da Penha em 2024. O servi\u00e7o, voltado \u00e0 prote\u00e7\u00e3o de mulheres v\u00edtimas de viol\u00eancia dom\u00e9stica, registrou cerca de 1.600 atendimentos em 2024, incluindo visitas domiciliares e monitoramento remoto.<\/p>\n<p style=\"text-align: justify;\">Segundo os dados coletados, 85% das assistidas afirmaram que a situa\u00e7\u00e3o est\u00e1 sob controle, enquanto 10% relataram que o agressor continua a importun\u00e1-las, solicitando, portanto, medidas de seguran\u00e7a adicionais, como rondas e visitas. J\u00e1 5% das mulheres disseram n\u00e3o precisar mais de acompanhamento.<\/p>\n<p style=\"text-align: justify;\">O levantamento tamb\u00e9m aponta que a maior parte das v\u00edtimas \u00e9 negra ou parda, tem at\u00e9 tr\u00eas filhos e precisou sofrer agress\u00f5es f\u00edsicas para denunciar os abusos, evidenciando uma persistente toler\u00e2ncia \u00e0 viol\u00eancia psicol\u00f3gica, moral e patrimonial. No entanto, um dado positivo \u00e9 que a maioria das assistidas n\u00e3o depende financeiramente do agressor, refletindo avan\u00e7os na autonomia econ\u00f4mica feminina, impulsionados principalmente por programas sociais.<\/p>\n<p style=\"text-align: justify;\">Os bairros com maior n\u00famero de mulheres assistidas pelo programa s\u00e3o Alto Jos\u00e9 Leal, Bela Vista, Jardim Ipiranga, Lagoa Redonda e L\u00eddia Queiroz. No total, 100 mulheres foram atendidas pela patrulha, e 49 participaram da pesquisa que orientou o relat\u00f3rio.<\/p>\n<p style=\"text-align: justify;\">Os servi\u00e7os emergenciais seguem dispon\u00edveis 24 horas por dia, pelo telefone (81) 9 9969-2178, que atende chamadas e mensagens via WhatsApp.<\/p>\n","protected":false},"excerpt":{"rendered":"<p>A Secretaria de Defesa Social e Seguran\u00e7a Cidad\u00e3 da Vit\u00f3ria de Santo Ant\u00e3o divulgou um balan\u00e7o das atividades da Patrulha Municipal Maria da Penha em 2024. O servi\u00e7o, voltado \u00e0 prote\u00e7\u00e3o de mulheres v\u00edtimas de viol\u00eancia dom\u00e9stica, registrou cerca de 1.600 atendimentos em 2024, incluindo visitas domiciliares e monitoramento remoto. Segundo os dados coletados, 85% [&hellip;]<\/p>\n","protected":false},"author":2,"featured_media":31636,"comment_status":"closed","ping_status":"closed","sticky":false,"template":"","format":"standard","meta":{"site-sidebar-layout":"default","site-content-layout":"","ast-site-content-layout":"default","site-content-style":"default","site-sidebar-style":"default","ast-global-header-display":"","ast-banner-title-visibility":"","ast-main-header-display":"","ast-hfb-above-header-display":"","ast-hfb-below-header-display":"","ast-hfb-mobile-header-display":"","site-post-title":"","ast-breadcrumbs-content":"","ast-featured-img":"","footer-sml-layout":"","ast-disable-related-posts":"","theme-transparent-header-meta":"default","adv-header-id-meta":"","stick-header-meta":"","header-above-stick-meta":"","header-main-stick-meta":"","header-below-stick-meta":"","astra-migrate-meta-layouts":"set","ast-page-background-enabled":"default","ast-page-background-meta":{"desktop":{"background-color":"","background-image":"","background-repeat":"repeat","background-position":"center center","background-size":"auto","background-attachment":"scroll","background-type":"","background-media":"","overlay-type":"","overlay-color":"","overlay-opacity":"","overlay-gradient":""},"tablet":{"background-color":"","background-image":"","background-repeat":"repeat","background-position":"center center","background-size":"auto","background-attachment":"scroll","background-type":"","background-media":"","overlay-type":"","overlay-color":"","overlay-opacity":"","overlay-gradient":""},"mobile":{"background-color":"","background-image":"","background-repeat":"repeat","background-position":"center center","background-size":"auto","background-attachment":"scroll","background-type":"","background-media":"","overlay-type":"","overlay-color":"","overlay-opacity":"","overlay-gradient":""}},"ast-content-background-meta":{"desktop":{"background-color":"var(--ast-global-color-5)","background-image":"","background-repeat":"repeat","background-position":"center center","background-size":"auto","background-attachment":"scroll","background-type":"","background-media":"","overlay-type":"","overlay-color":"","overlay-opacity":"","overlay-gradient":""},"tablet":{"background-color":"var(--ast-global-color-5)","background-image":"","background-repeat":"repeat","background-position":"center center","background-size":"auto","background-attachment":"scroll","background-type":"","background-media":"","overlay-type":"","overlay-color":"","overlay-opacity":"","overlay-gradient":""},"mobile":{"background-color":"var(--ast-global-color-5)","background-image":"","background-repeat":"repeat","background-position":"center center","background-size":"auto","background-attachment":"scroll","background-type":"","background-media":"","overlay-type":"","overlay-color":"","overlay-opacity":"","overlay-gradient":""}},"footnotes":""},"categories":[5,39],"tags":[],"class_list":["post-31635","post","type-post","status-publish","format-standard","has-post-thumbnail","hentry","category-destaque","category-secretaria-de-defesa-social-e-seguranca-cidada"],"_links":{"self":[{"href":"https:\/\/www.prefeituradavitoria.pe.gov.br\/portal\/index.php\/wp-json\/wp\/v2\/posts\/31635","targetHints":{"allow":["GET"]}}],"collection":[{"href":"https:\/\/www.prefeituradavitoria.pe.gov.br\/portal\/index.php\/wp-json\/wp\/v2\/posts"}],"about":[{"href":"https:\/\/www.prefeituradavitoria.pe.gov.br\/portal\/index.php\/wp-json\/wp\/v2\/types\/post"}],"author":[{"embeddable":true,"href":"https:\/\/www.prefeituradavitoria.pe.gov.br\/portal\/index.php\/wp-json\/wp\/v2\/users\/2"}],"replies":[{"embeddable":true,"href":"https:\/\/www.prefeituradavitoria.pe.gov.br\/portal\/index.php\/wp-json\/wp\/v2\/comments?post=31635"}],"version-history":[{"count":2,"href":"https:\/\/www.prefeituradavitoria.pe.gov.br\/portal\/index.php\/wp-json\/wp\/v2\/posts\/31635\/revisions"}],"predecessor-version":[{"id":31638,"href":"https:\/\/www.prefeituradavitoria.pe.gov.br\/portal\/index.php\/wp-json\/wp\/v2\/posts\/31635\/revisions\/31638"}],"wp:featuredmedia":[{"embeddable":true,"href":"https:\/\/www.prefeituradavitoria.pe.gov.br\/portal\/index.php\/wp-json\/wp\/v2\/media\/31636"}],"wp:attachment":[{"href":"https:\/\/www.prefeituradavitoria.pe.gov.br\/portal\/index.php\/wp-json\/wp\/v2\/media?parent=31635"}],"wp:term":[{"taxonomy":"category","embeddable":true,"href":"https:\/\/www.prefeituradavitoria.pe.gov.br\/portal\/index.php\/wp-json\/wp\/v2\/categories?post=31635"},{"taxonomy":"post_tag","embeddable":true,"href":"https:\/\/www.prefeituradavitoria.pe.gov.br\/portal\/index.php\/wp-json\/wp\/v2\/tags?post=31635"}],"curies":[{"name":"wp","href":"https:\/\/api.w.org\/{rel}","templated":true}]}}