{"id":32085,"date":"2025-05-05T23:18:40","date_gmt":"2025-05-05T23:18:40","guid":{"rendered":"http:\/\/www.prefeituradavitoria.pe.gov.br\/portal\/?p=32085"},"modified":"2025-05-05T23:18:40","modified_gmt":"2025-05-05T23:18:40","slug":"vitoria-de-santo-antao-inaugura-espaco-cultural-na-estacao-ferroviaria-com-artistas-nacionais-dos-anos-90","status":"publish","type":"post","link":"https:\/\/www.prefeituradavitoria.pe.gov.br\/portal\/index.php\/2025\/05\/05\/vitoria-de-santo-antao-inaugura-espaco-cultural-na-estacao-ferroviaria-com-artistas-nacionais-dos-anos-90\/","title":{"rendered":"Vit\u00f3ria de Santo Ant\u00e3o inaugura espa\u00e7o cultural na Esta\u00e7\u00e3o Ferrovi\u00e1ria com artistas nacionais dos anos 90"},"content":{"rendered":"<p style=\"text-align: justify;\">A Prefeitura da Vit\u00f3ria de Santo Ant\u00e3o inaugura neste s\u00e1bado (10), \u00e0s 19h30, o Ponto de Partida \u2014 um novo espa\u00e7o de cultura, mem\u00f3ria e lazer que funcionar\u00e1 na antiga Esta\u00e7\u00e3o Ferrovi\u00e1ria da cidade. Totalmente revitalizado, o local ser\u00e1 mais um motor para o fortalecimento da economia criativa e para o fomento ao turismo local.<\/p>\n<p style=\"text-align: justify;\">A noite de inaugura\u00e7\u00e3o ser\u00e1 marcada por shows de Byafra, Almir Bezerra (ex-integrante d\u2019Os Fevers) e K\u00e1tia, al\u00e9m de apresenta\u00e7\u00f5es de artistas locais, valorizando os talentos da terra e refor\u00e7ando a identidade cultural do munic\u00edpio.<\/p>\n<p style=\"text-align: justify;\">\u201cEstamos entregando um espa\u00e7o que resgata nossa hist\u00f3ria e abre caminho para um novo tempo, com mais arte, turismo e oportunidades para nossa gente\u201d, afirmou o prefeito Paulo Roberto.<\/p>\n<p style=\"text-align: justify;\">A celebra\u00e7\u00e3o tamb\u00e9m presta homenagem ao Dia das M\u00e3es e deve atrair grande p\u00fablico, movimentando o com\u00e9rcio e a vida cultural da cidade.<\/p>\n","protected":false},"excerpt":{"rendered":"<p>A Prefeitura da Vit\u00f3ria de Santo Ant\u00e3o inaugura neste s\u00e1bado (10), \u00e0s 19h30, o Ponto de Partida \u2014 um novo espa\u00e7o de cultura, mem\u00f3ria e lazer que funcionar\u00e1 na antiga Esta\u00e7\u00e3o Ferrovi\u00e1ria da cidade. Totalmente revitalizado, o local ser\u00e1 mais um motor para o fortalecimento da economia criativa e para o fomento ao turismo local. [&hellip;]<\/p>\n","protected":false},"author":2,"featured_media":32086,"comment_status":"closed","ping_status":"closed","sticky":false,"template":"","format":"standard","meta":{"site-sidebar-layout":"default","site-content-layout":"","ast-site-content-layout":"default","site-content-style":"default","site-sidebar-style":"default","ast-global-header-display":"","ast-banner-title-visibility":"","ast-main-header-display":"","ast-hfb-above-header-display":"","ast-hfb-below-header-display":"","ast-hfb-mobile-header-display":"","site-post-title":"","ast-breadcrumbs-content":"","ast-featured-img":"","footer-sml-layout":"","ast-disable-related-posts":"","theme-transparent-header-meta":"default","adv-header-id-meta":"","stick-header-meta":"","header-above-stick-meta":"","header-main-stick-meta":"","header-below-stick-meta":"","astra-migrate-meta-layouts":"set","ast-page-background-enabled":"default","ast-page-background-meta":{"desktop":{"background-color":"","background-image":"","background-repeat":"repeat","background-position":"center center","background-size":"auto","background-attachment":"scroll","background-type":"","background-media":"","overlay-type":"","overlay-color":"","overlay-opacity":"","overlay-gradient":""},"tablet":{"background-color":"","background-image":"","background-repeat":"repeat","background-position":"center center","background-size":"auto","background-attachment":"scroll","background-type":"","background-media":"","overlay-type":"","overlay-color":"","overlay-opacity":"","overlay-gradient":""},"mobile":{"background-color":"","background-image":"","background-repeat":"repeat","background-position":"center center","background-size":"auto","background-attachment":"scroll","background-type":"","background-media":"","overlay-type":"","overlay-color":"","overlay-opacity":"","overlay-gradient":""}},"ast-content-background-meta":{"desktop":{"background-color":"var(--ast-global-color-5)","background-image":"","background-repeat":"repeat","background-position":"center center","background-size":"auto","background-attachment":"scroll","background-type":"","background-media":"","overlay-type":"","overlay-color":"","overlay-opacity":"","overlay-gradient":""},"tablet":{"background-color":"var(--ast-global-color-5)","background-image":"","background-repeat":"repeat","background-position":"center center","background-size":"auto","background-attachment":"scroll","background-type":"","background-media":"","overlay-type":"","overlay-color":"","overlay-opacity":"","overlay-gradient":""},"mobile":{"background-color":"var(--ast-global-color-5)","background-image":"","background-repeat":"repeat","background-position":"center center","background-size":"auto","background-attachment":"scroll","background-type":"","background-media":"","overlay-type":"","overlay-color":"","overlay-opacity":"","overlay-gradient":""}},"footnotes":""},"categories":[5,40],"tags":[],"class_list":["post-32085","post","type-post","status-publish","format-standard","has-post-thumbnail","hentry","category-destaque","category-secretaria-de-cultura-turismo-e-economia-criativa"],"_links":{"self":[{"href":"https:\/\/www.prefeituradavitoria.pe.gov.br\/portal\/index.php\/wp-json\/wp\/v2\/posts\/32085","targetHints":{"allow":["GET"]}}],"collection":[{"href":"https:\/\/www.prefeituradavitoria.pe.gov.br\/portal\/index.php\/wp-json\/wp\/v2\/posts"}],"about":[{"href":"https:\/\/www.prefeituradavitoria.pe.gov.br\/portal\/index.php\/wp-json\/wp\/v2\/types\/post"}],"author":[{"embeddable":true,"href":"https:\/\/www.prefeituradavitoria.pe.gov.br\/portal\/index.php\/wp-json\/wp\/v2\/users\/2"}],"replies":[{"embeddable":true,"href":"https:\/\/www.prefeituradavitoria.pe.gov.br\/portal\/index.php\/wp-json\/wp\/v2\/comments?post=32085"}],"version-history":[{"count":1,"href":"https:\/\/www.prefeituradavitoria.pe.gov.br\/portal\/index.php\/wp-json\/wp\/v2\/posts\/32085\/revisions"}],"predecessor-version":[{"id":32087,"href":"https:\/\/www.prefeituradavitoria.pe.gov.br\/portal\/index.php\/wp-json\/wp\/v2\/posts\/32085\/revisions\/32087"}],"wp:featuredmedia":[{"embeddable":true,"href":"https:\/\/www.prefeituradavitoria.pe.gov.br\/portal\/index.php\/wp-json\/wp\/v2\/media\/32086"}],"wp:attachment":[{"href":"https:\/\/www.prefeituradavitoria.pe.gov.br\/portal\/index.php\/wp-json\/wp\/v2\/media?parent=32085"}],"wp:term":[{"taxonomy":"category","embeddable":true,"href":"https:\/\/www.prefeituradavitoria.pe.gov.br\/portal\/index.php\/wp-json\/wp\/v2\/categories?post=32085"},{"taxonomy":"post_tag","embeddable":true,"href":"https:\/\/www.prefeituradavitoria.pe.gov.br\/portal\/index.php\/wp-json\/wp\/v2\/tags?post=32085"}],"curies":[{"name":"wp","href":"https:\/\/api.w.org\/{rel}","templated":true}]}}