{"id":33021,"date":"2025-08-20T18:30:38","date_gmt":"2025-08-20T18:30:38","guid":{"rendered":"https:\/\/www.prefeituradavitoria.pe.gov.br\/portal\/?p=33021"},"modified":"2025-08-20T18:30:38","modified_gmt":"2025-08-20T18:30:38","slug":"agosto-lilas-vitoria-de-santo-antao-realiza-grande-mutirao-de-servicos-neste-sabado","status":"publish","type":"post","link":"https:\/\/www.prefeituradavitoria.pe.gov.br\/portal\/index.php\/2025\/08\/20\/agosto-lilas-vitoria-de-santo-antao-realiza-grande-mutirao-de-servicos-neste-sabado\/","title":{"rendered":"Agosto Lil\u00e1s: Vit\u00f3ria de Santo Ant\u00e3o realiza grande mutir\u00e3o de servi\u00e7os neste s\u00e1bado"},"content":{"rendered":"<p style=\"text-align: justify;\">Neste s\u00e1bado (23\/08), das 8h \u00e0s 13h, a Pra\u00e7a Dom Lu\u00eds de Brito, bairro Matriz, em Vit\u00f3ria de Santo Ant\u00e3o, ser\u00e1 palco de um grande mutir\u00e3o de servi\u00e7os gratuitos em alus\u00e3o ao Agosto Lil\u00e1s, m\u00eas dedicado \u00e0 conscientiza\u00e7\u00e3o e ao combate \u00e0 viol\u00eancia contra a mulher. A iniciativa \u00e9 promovida pela Secretaria da Mulher, em parceria com a Defensoria P\u00fablica de Pernambuco, e reunir\u00e1 uma s\u00e9rie de atendimentos voltados \u00e0 popula\u00e7\u00e3o.<\/p>\n<p style=\"text-align: justify;\">Entre os servi\u00e7os ofertados, estar\u00e3o dispon\u00edveis: unidade m\u00f3vel de sa\u00fade e odontol\u00f3gica, pr\u00e1ticas integrativas, testes r\u00e1pidos, emiss\u00e3o de certid\u00f5es de nascimento, casamento e \u00f3bito, habilita\u00e7\u00e3o para casamento, exame de DNA, al\u00e9m do ajuizamento de a\u00e7\u00f5es judiciais, como div\u00f3rcio, pens\u00e3o aliment\u00edcia, guarda, investiga\u00e7\u00e3o de paternidade e reconhecimento de uni\u00e3o est\u00e1vel.<\/p>\n<p style=\"text-align: justify;\">Al\u00e9m disso, quem comparecer ao mutir\u00e3o poder\u00e1 aproveitar servi\u00e7os de beleza, como corte de cabelo, e outros atendimentos que visam facilitar o acesso da comunidade a direitos essenciais. Os interessados devem realizar agendamento at\u00e9 o dia 21 de agosto, pelo WhatsApp (81) 99596-0575.<\/p>\n","protected":false},"excerpt":{"rendered":"<p>Neste s\u00e1bado (23\/08), das 8h \u00e0s 13h, a Pra\u00e7a Dom Lu\u00eds de Brito, bairro Matriz, em Vit\u00f3ria de Santo Ant\u00e3o, ser\u00e1 palco de um grande mutir\u00e3o de servi\u00e7os gratuitos em alus\u00e3o ao Agosto Lil\u00e1s, m\u00eas dedicado \u00e0 conscientiza\u00e7\u00e3o e ao combate \u00e0 viol\u00eancia contra a mulher. A iniciativa \u00e9 promovida pela Secretaria da Mulher, em [&hellip;]<\/p>\n","protected":false},"author":2,"featured_media":20654,"comment_status":"closed","ping_status":"closed","sticky":false,"template":"","format":"standard","meta":{"site-sidebar-layout":"default","site-content-layout":"","ast-site-content-layout":"default","site-content-style":"default","site-sidebar-style":"default","ast-global-header-display":"","ast-banner-title-visibility":"","ast-main-header-display":"","ast-hfb-above-header-display":"","ast-hfb-below-header-display":"","ast-hfb-mobile-header-display":"","site-post-title":"","ast-breadcrumbs-content":"","ast-featured-img":"","footer-sml-layout":"","ast-disable-related-posts":"","theme-transparent-header-meta":"default","adv-header-id-meta":"","stick-header-meta":"","header-above-stick-meta":"","header-main-stick-meta":"","header-below-stick-meta":"","astra-migrate-meta-layouts":"set","ast-page-background-enabled":"default","ast-page-background-meta":{"desktop":{"background-color":"","background-image":"","background-repeat":"repeat","background-position":"center center","background-size":"auto","background-attachment":"scroll","background-type":"","background-media":"","overlay-type":"","overlay-color":"","overlay-opacity":"","overlay-gradient":""},"tablet":{"background-color":"","background-image":"","background-repeat":"repeat","background-position":"center center","background-size":"auto","background-attachment":"scroll","background-type":"","background-media":"","overlay-type":"","overlay-color":"","overlay-opacity":"","overlay-gradient":""},"mobile":{"background-color":"","background-image":"","background-repeat":"repeat","background-position":"center center","background-size":"auto","background-attachment":"scroll","background-type":"","background-media":"","overlay-type":"","overlay-color":"","overlay-opacity":"","overlay-gradient":""}},"ast-content-background-meta":{"desktop":{"background-color":"var(--ast-global-color-5)","background-image":"","background-repeat":"repeat","background-position":"center center","background-size":"auto","background-attachment":"scroll","background-type":"","background-media":"","overlay-type":"","overlay-color":"","overlay-opacity":"","overlay-gradient":""},"tablet":{"background-color":"var(--ast-global-color-5)","background-image":"","background-repeat":"repeat","background-position":"center center","background-size":"auto","background-attachment":"scroll","background-type":"","background-media":"","overlay-type":"","overlay-color":"","overlay-opacity":"","overlay-gradient":""},"mobile":{"background-color":"var(--ast-global-color-5)","background-image":"","background-repeat":"repeat","background-position":"center center","background-size":"auto","background-attachment":"scroll","background-type":"","background-media":"","overlay-type":"","overlay-color":"","overlay-opacity":"","overlay-gradient":""}},"footnotes":""},"categories":[5,42],"tags":[],"class_list":["post-33021","post","type-post","status-publish","format-standard","has-post-thumbnail","hentry","category-destaque","category-secretaria-executiva-da-mulher"],"_links":{"self":[{"href":"https:\/\/www.prefeituradavitoria.pe.gov.br\/portal\/index.php\/wp-json\/wp\/v2\/posts\/33021","targetHints":{"allow":["GET"]}}],"collection":[{"href":"https:\/\/www.prefeituradavitoria.pe.gov.br\/portal\/index.php\/wp-json\/wp\/v2\/posts"}],"about":[{"href":"https:\/\/www.prefeituradavitoria.pe.gov.br\/portal\/index.php\/wp-json\/wp\/v2\/types\/post"}],"author":[{"embeddable":true,"href":"https:\/\/www.prefeituradavitoria.pe.gov.br\/portal\/index.php\/wp-json\/wp\/v2\/users\/2"}],"replies":[{"embeddable":true,"href":"https:\/\/www.prefeituradavitoria.pe.gov.br\/portal\/index.php\/wp-json\/wp\/v2\/comments?post=33021"}],"version-history":[{"count":1,"href":"https:\/\/www.prefeituradavitoria.pe.gov.br\/portal\/index.php\/wp-json\/wp\/v2\/posts\/33021\/revisions"}],"predecessor-version":[{"id":33022,"href":"https:\/\/www.prefeituradavitoria.pe.gov.br\/portal\/index.php\/wp-json\/wp\/v2\/posts\/33021\/revisions\/33022"}],"wp:featuredmedia":[{"embeddable":true,"href":"https:\/\/www.prefeituradavitoria.pe.gov.br\/portal\/index.php\/wp-json\/wp\/v2\/media\/20654"}],"wp:attachment":[{"href":"https:\/\/www.prefeituradavitoria.pe.gov.br\/portal\/index.php\/wp-json\/wp\/v2\/media?parent=33021"}],"wp:term":[{"taxonomy":"category","embeddable":true,"href":"https:\/\/www.prefeituradavitoria.pe.gov.br\/portal\/index.php\/wp-json\/wp\/v2\/categories?post=33021"},{"taxonomy":"post_tag","embeddable":true,"href":"https:\/\/www.prefeituradavitoria.pe.gov.br\/portal\/index.php\/wp-json\/wp\/v2\/tags?post=33021"}],"curies":[{"name":"wp","href":"https:\/\/api.w.org\/{rel}","templated":true}]}}